{"id":1418,"date":"2022-02-09T08:48:33","date_gmt":"2022-02-09T09:48:33","guid":{"rendered":"https:\/\/www.mach573-574.cz\/?p=1418"},"modified":"2022-02-09T09:13:33","modified_gmt":"2022-02-09T10:13:33","slug":"setkani-s-obcany-rady-mc-prahy-12","status":"publish","type":"post","link":"https:\/\/www.mach573-574.cz\/index.php\/2022\/02\/09\/setkani-s-obcany-rady-mc-prahy-12\/","title":{"rendered":"Setk\u00e1n\u00ed rady M\u010c Prahy 12 s ob\u010dany."},"content":{"rendered":"<p>Rada m\u011bstsk\u00e9 \u010d\u00e1sti Praha 12 po\u0159\u00e1d\u00e1 ka\u017ed\u00e9 \u010dtvrt\u00e9 \u00fater\u00fd v m\u011bs\u00edci (krom\u011b letn\u00edch pr\u00e1zdnin) setk\u00e1n\u00ed s ob\u010dany, na kter\u00fdch chce spole\u010dn\u011b s nimi debatovat o pl\u00e1novan\u00fdch z\u00e1m\u011brech radnice a dal\u0161\u00edch investor\u016f, a samoz\u0159ejm\u011b i o dal\u0161\u00edch v\u0161eobecn\u00fdch probl\u00e9mech, kter\u00e9 aktu\u00e1ln\u011b zaj\u00edmaj\u00ed obyvatele na\u0161\u00ed m\u011bstsk\u00e9 \u010d\u00e1sti. Setk\u00e1n\u00ed prob\u00edhaj\u00ed obvykle od 18:00 do 19:30. Ka\u017ed\u00fd je v\u00edt\u00e1n. Bli\u017e\u0161\u00ed informace naleznete na <a href=\"https:\/\/www.praha12.cz\/verejna-setkani\/ds-1615\/p1=71511\" target=\"_blank\" rel=\"noopener\">tomto odkazu<\/a>.<\/p>\n","protected":false},"excerpt":{"rendered":"<p>Rada m\u011bstsk\u00e9 \u010d\u00e1sti Praha 12 po\u0159\u00e1d\u00e1 ka\u017ed\u00e9 \u010dtvrt\u00e9 \u00fater\u00fd v m\u011bs\u00edci (krom\u011b letn\u00edch pr\u00e1zdnin) setk\u00e1n\u00ed s ob\u010dany, na kter\u00fdch chce spole\u010dn\u011b s nimi debatovat o pl\u00e1novan\u00fdch z\u00e1m\u011brech radnice a dal\u0161\u00edch investor\u016f, a samoz\u0159ejm\u011b i o dal\u0161\u00edch v\u0161eobecn\u00fdch probl\u00e9mech, kter\u00e9 aktu\u00e1ln\u011b zaj\u00edmaj\u00ed obyvatele na\u0161\u00ed m\u011bstsk\u00e9 \u010d\u00e1sti. Setk\u00e1n\u00ed prob\u00edhaj\u00ed obvykle od 18:00<span class=\"more-link\"><a href=\"https:\/\/www.mach573-574.cz\/index.php\/2022\/02\/09\/setkani-s-obcany-rady-mc-prahy-12\/\">Pokra\u010dovat ve \u010dten\u00ed<\/a><\/span><\/p>\n","protected":false},"author":5,"featured_media":0,"comment_status":"closed","ping_status":"closed","sticky":false,"template":"","format":"standard","meta":{"ngg_post_thumbnail":0,"footnotes":""},"categories":[14],"tags":[],"class_list":["entry","author-nehasil","post-1418","post","type-post","status-publish","format-standard","category-aktuality"],"publishpress_future_action":{"enabled":false,"date":"2026-05-08 07:31:24","action":"change-status","newStatus":"draft","terms":[],"taxonomy":"category","extraData":[]},"publishpress_future_workflow_manual_trigger":{"enabledWorkflows":[]},"_links":{"self":[{"href":"https:\/\/www.mach573-574.cz\/index.php\/wp-json\/wp\/v2\/posts\/1418","targetHints":{"allow":["GET"]}}],"collection":[{"href":"https:\/\/www.mach573-574.cz\/index.php\/wp-json\/wp\/v2\/posts"}],"about":[{"href":"https:\/\/www.mach573-574.cz\/index.php\/wp-json\/wp\/v2\/types\/post"}],"author":[{"embeddable":true,"href":"https:\/\/www.mach573-574.cz\/index.php\/wp-json\/wp\/v2\/users\/5"}],"replies":[{"embeddable":true,"href":"https:\/\/www.mach573-574.cz\/index.php\/wp-json\/wp\/v2\/comments?post=1418"}],"version-history":[{"count":3,"href":"https:\/\/www.mach573-574.cz\/index.php\/wp-json\/wp\/v2\/posts\/1418\/revisions"}],"predecessor-version":[{"id":1421,"href":"https:\/\/www.mach573-574.cz\/index.php\/wp-json\/wp\/v2\/posts\/1418\/revisions\/1421"}],"wp:attachment":[{"href":"https:\/\/www.mach573-574.cz\/index.php\/wp-json\/wp\/v2\/media?parent=1418"}],"wp:term":[{"taxonomy":"category","embeddable":true,"href":"https:\/\/www.mach573-574.cz\/index.php\/wp-json\/wp\/v2\/categories?post=1418"},{"taxonomy":"post_tag","embeddable":true,"href":"https:\/\/www.mach573-574.cz\/index.php\/wp-json\/wp\/v2\/tags?post=1418"}],"curies":[{"name":"wp","href":"https:\/\/api.w.org\/{rel}","templated":true}]}}